{"id":965,"date":"2025-10-20T09:59:13","date_gmt":"2025-10-20T07:59:13","guid":{"rendered":"http:\/\/www.tg-schoemberg.de\/fussball\/?p=965"},"modified":"2025-10-20T10:00:55","modified_gmt":"2025-10-20T08:00:55","slug":"harte-klatsche-in-umkaempftem-spiel","status":"publish","type":"post","link":"http:\/\/www.tg-schoemberg.de\/fussball\/harte-klatsche-in-umkaempftem-spiel\/","title":{"rendered":"Harte Klatsche in umk\u00e4mpftem Spiel"},"content":{"rendered":"<p>Die TG Sch\u00f6mberg musste sich am vergangenen Wochenende gegen den<br \/>\nTabellenf\u00fchrer klar mit 1:5 geschlagen geben. Dieses krasse Ergebnis spiegelt<br \/>\nnur einen Teil des Spiels wider.<br \/>\nDie Gastgeber, die mit gro\u00dfen Bem\u00fchungen starteten, lie\u00dfen am Anfang nichts zu,<br \/>\nkonnten mehr Spielanteile verzeichnen und die ersten guten Aktionen um den<br \/>\nStrafraum verbuchen. Richtig gef\u00e4hrlich wurde es aber leider nicht. Mit der ersten<br \/>\nEcke der G\u00e4ste gelang der SGM Schwenningen\/Stetten a. K. M.\/Frohnstetten direkt<br \/>\nder erste Treffer. Ein Spieler des Gegners konnte den Ball ohne Gegenspieler per<br \/>\nKopf \u00fcber die Linie wuchten. Dies zeigte den Sch\u00f6mbergern einmal mehr das<br \/>\nProblem der laufenden Saison auf. Es mangelt an Zuordnung und Konsequenz, um<br \/>\nsolche einfachen Tore zu verhindern. Jedoch waren die Sch\u00f6mberger weiterhin am<br \/>\nDr\u00fccker und wurden auch das erste Mal gef\u00e4hrlich vor dem Tor, konnten aber nichts<br \/>\nam Spielstand \u00e4ndern. In der 26. Minute \u00fcberspielten die G\u00e4ste die Sch\u00f6mberger<br \/>\nAbwehr und trafen zum 0:2-Halbzeitstand. Die immer noch bem\u00fchten Gastgeber<br \/>\nhatten aufgrund der fehlenden Chancenverwertung und der vielen Gegentore in<br \/>\ndieser Saison wieder einmal das Nachsehen. In der zweiten H\u00e4lfte dr\u00fcckten die<br \/>\nSch\u00f6mberger zunehmend auf den Anschlusstreffer. Leon Maurer konnte den Ball mit<br \/>\neinem sch\u00f6nen Schuss aus 20 Metern ins rechte Eck bef\u00f6rdern und so den<br \/>\nAnschlusstreffer zum 1:2 bejubeln. Die weiterhin auf den Ausgleich dr\u00fcckenden<br \/>\nGastgeber waren gut im Spiel, verzeichneten ein Chancenplus und lie\u00dfen dem<br \/>\nGegner wenig Raum. Leider mussten die Sch\u00f6mberger ab der 60. Minute zu zehnt<br \/>\nweiterspielen, da Mohammed Ben Moussa mit Gelb-Rot vom Platz flog. Ab diesem<br \/>\nZeitpunkt verloren die Sch\u00f6mberger ihre klare Linie und ihre Spielanteile. Es gab<br \/>\nimmer mehr L\u00fccken in der R\u00fcckw\u00e4rtsbewegung und die positiven Entlastungen<br \/>\nsowie die guten Aktionen blieben aus. In der 70. Minute konnten die G\u00e4ste auf 1:3<br \/>\nerh\u00f6hen. \u00dcber die linke Seite wurde die flache Hereingabe vom St\u00fcrmer der SGM<br \/>\nverwandelt. Anschlie\u00dfend war die Luft bei der TGS raus und die G\u00e4ste hatten freie<br \/>\nHand, das 1:4 und das 1:5 nachzulegen.<br \/>\nLeider muss die TG Sch\u00f6mberg somit eine herbe Klatsche gegen eine nicht<br \/>\nunschlagbare SGM hinnehmen. Bis zur 60. Minute wurde vieles richtig gemacht,<br \/>\naufgrund fehlender Konsequenz und Ungenauigkeit konnte jedoch kein Punkt im Ort<br \/>\nbelassen werden.<br \/>\nAm kommenden Wochenende ist die TG Sch\u00f6mberg ausw\u00e4rts beim direkten<br \/>\nKonkurrenten TSV Stra\u00dfberg II zu Gast. Anpfiff ist bereits um 13:00 Uhr in<br \/>\nStra\u00dfberg. Wir freuen uns auf eure Unterst\u00fctzung!<\/p>\n","protected":false},"excerpt":{"rendered":"<p>Die TG Sch\u00f6mberg musste sich am vergangenen Wochenende gegen den Tabellenf\u00fchrer klar mit 1:5 geschlagen geben. Dieses krasse Ergebnis spiegelt nur einen Teil des Spiels wider. Die Gastgeber, die mit gro\u00dfen Bem\u00fchungen starteten, lie\u00dfen am Anfang nichts zu, konnten mehr Spielanteile verzeichnen und die ersten guten Aktionen um den Strafraum verbuchen. Richtig gef\u00e4hrlich wurde es aber leider nicht. Mit der ersten Ecke der G\u00e4ste gelang der SGM Schwenningen\/Stetten a. K. M.\/Frohnstetten direkt der erste Treffer. Ein Spieler des Gegners konnte&hellip;<\/p>\n","protected":false},"author":2,"featured_media":22,"comment_status":"closed","ping_status":"closed","sticky":false,"template":"","format":"standard","meta":[],"categories":[7,1],"tags":[],"yoast_head":"<!-- This site is optimized with the Yoast SEO plugin v21.8.1 - https:\/\/yoast.com\/wordpress\/plugins\/seo\/ -->\n<title>Harte Klatsche in umk\u00e4mpftem Spiel - TG Sch\u00f6mberg Abt. Fussball<\/title>\n<meta name=\"robots\" content=\"index, follow, max-snippet:-1, max-image-preview:large, max-video-preview:-1\" \/>\n<link rel=\"canonical\" href=\"http:\/\/www.tg-schoemberg.de\/fussball\/harte-klatsche-in-umkaempftem-spiel\/\" \/>\n<meta property=\"og:locale\" content=\"de_DE\" \/>\n<meta property=\"og:type\" content=\"article\" \/>\n<meta property=\"og:title\" content=\"Harte Klatsche in umk\u00e4mpftem Spiel - TG Sch\u00f6mberg Abt. Fussball\" \/>\n<meta property=\"og:description\" content=\"Die TG Sch\u00f6mberg musste sich am vergangenen Wochenende gegen den Tabellenf\u00fchrer klar mit 1:5 geschlagen geben. Dieses krasse Ergebnis spiegelt nur einen Teil des Spiels wider. Die Gastgeber, die mit gro\u00dfen Bem\u00fchungen starteten, lie\u00dfen am Anfang nichts zu, konnten mehr Spielanteile verzeichnen und die ersten guten Aktionen um den Strafraum verbuchen. Richtig gef\u00e4hrlich wurde es aber leider nicht. Mit der ersten Ecke der G\u00e4ste gelang der SGM Schwenningen\/Stetten a. K. M.\/Frohnstetten direkt der erste Treffer. Ein Spieler des Gegners konnte&hellip;\" \/>\n<meta property=\"og:url\" content=\"http:\/\/www.tg-schoemberg.de\/fussball\/harte-klatsche-in-umkaempftem-spiel\/\" \/>\n<meta property=\"og:site_name\" content=\"TG Sch\u00f6mberg Abt. Fussball\" \/>\n<meta property=\"article:published_time\" content=\"2025-10-20T07:59:13+00:00\" \/>\n<meta property=\"article:modified_time\" content=\"2025-10-20T08:00:55+00:00\" \/>\n<meta property=\"og:image\" content=\"http:\/\/www.tg-schoemberg.de\/fussball\/wptg\/wp-content\/uploads\/2018\/11\/bg2_tg-1.jpg\" \/>\n\t<meta property=\"og:image:width\" content=\"1920\" \/>\n\t<meta property=\"og:image:height\" content=\"650\" \/>\n\t<meta property=\"og:image:type\" content=\"image\/jpeg\" \/>\n<meta name=\"author\" content=\"tg_admin\" \/>\n<meta name=\"twitter:card\" content=\"summary_large_image\" \/>\n<meta name=\"twitter:label1\" content=\"Verfasst von\" \/>\n\t<meta name=\"twitter:data1\" content=\"tg_admin\" \/>\n\t<meta name=\"twitter:label2\" content=\"Gesch\u00e4tzte Lesezeit\" \/>\n\t<meta name=\"twitter:data2\" content=\"3\u00a0Minuten\" \/>\n<script type=\"application\/ld+json\" class=\"yoast-schema-graph\">{\"@context\":\"https:\/\/schema.org\",\"@graph\":[{\"@type\":\"WebPage\",\"@id\":\"http:\/\/www.tg-schoemberg.de\/fussball\/harte-klatsche-in-umkaempftem-spiel\/\",\"url\":\"http:\/\/www.tg-schoemberg.de\/fussball\/harte-klatsche-in-umkaempftem-spiel\/\",\"name\":\"Harte Klatsche in umk\u00e4mpftem Spiel - TG Sch\u00f6mberg Abt. Fussball\",\"isPartOf\":{\"@id\":\"http:\/\/www.tg-schoemberg.de\/fussball\/#website\"},\"datePublished\":\"2025-10-20T07:59:13+00:00\",\"dateModified\":\"2025-10-20T08:00:55+00:00\",\"author\":{\"@id\":\"http:\/\/www.tg-schoemberg.de\/fussball\/#\/schema\/person\/aaa3247d83b09379b653cbc142bf202b\"},\"breadcrumb\":{\"@id\":\"http:\/\/www.tg-schoemberg.de\/fussball\/harte-klatsche-in-umkaempftem-spiel\/#breadcrumb\"},\"inLanguage\":\"de\",\"potentialAction\":[{\"@type\":\"ReadAction\",\"target\":[\"http:\/\/www.tg-schoemberg.de\/fussball\/harte-klatsche-in-umkaempftem-spiel\/\"]}]},{\"@type\":\"BreadcrumbList\",\"@id\":\"http:\/\/www.tg-schoemberg.de\/fussball\/harte-klatsche-in-umkaempftem-spiel\/#breadcrumb\",\"itemListElement\":[{\"@type\":\"ListItem\",\"position\":1,\"name\":\"Startseite\",\"item\":\"http:\/\/www.tg-schoemberg.de\/fussball\/\"},{\"@type\":\"ListItem\",\"position\":2,\"name\":\"Harte Klatsche in umk\u00e4mpftem Spiel\"}]},{\"@type\":\"WebSite\",\"@id\":\"http:\/\/www.tg-schoemberg.de\/fussball\/#website\",\"url\":\"http:\/\/www.tg-schoemberg.de\/fussball\/\",\"name\":\"TG Sch\u00f6mberg Abt. Fussball\",\"description\":\"\",\"potentialAction\":[{\"@type\":\"SearchAction\",\"target\":{\"@type\":\"EntryPoint\",\"urlTemplate\":\"http:\/\/www.tg-schoemberg.de\/fussball\/?s={search_term_string}\"},\"query-input\":\"required name=search_term_string\"}],\"inLanguage\":\"de\"},{\"@type\":\"Person\",\"@id\":\"http:\/\/www.tg-schoemberg.de\/fussball\/#\/schema\/person\/aaa3247d83b09379b653cbc142bf202b\",\"name\":\"tg_admin\",\"url\":\"http:\/\/www.tg-schoemberg.de\/fussball\/author\/tg_admin\/\"}]}<\/script>\n<!-- \/ Yoast SEO plugin. -->","yoast_head_json":{"title":"Harte Klatsche in umk\u00e4mpftem Spiel - TG Sch\u00f6mberg Abt. Fussball","robots":{"index":"index","follow":"follow","max-snippet":"max-snippet:-1","max-image-preview":"max-image-preview:large","max-video-preview":"max-video-preview:-1"},"canonical":"http:\/\/www.tg-schoemberg.de\/fussball\/harte-klatsche-in-umkaempftem-spiel\/","og_locale":"de_DE","og_type":"article","og_title":"Harte Klatsche in umk\u00e4mpftem Spiel - TG Sch\u00f6mberg Abt. Fussball","og_description":"Die TG Sch\u00f6mberg musste sich am vergangenen Wochenende gegen den Tabellenf\u00fchrer klar mit 1:5 geschlagen geben. Dieses krasse Ergebnis spiegelt nur einen Teil des Spiels wider. Die Gastgeber, die mit gro\u00dfen Bem\u00fchungen starteten, lie\u00dfen am Anfang nichts zu, konnten mehr Spielanteile verzeichnen und die ersten guten Aktionen um den Strafraum verbuchen. Richtig gef\u00e4hrlich wurde es aber leider nicht. Mit der ersten Ecke der G\u00e4ste gelang der SGM Schwenningen\/Stetten a. K. M.\/Frohnstetten direkt der erste Treffer. Ein Spieler des Gegners konnte&hellip;","og_url":"http:\/\/www.tg-schoemberg.de\/fussball\/harte-klatsche-in-umkaempftem-spiel\/","og_site_name":"TG Sch\u00f6mberg Abt. Fussball","article_published_time":"2025-10-20T07:59:13+00:00","article_modified_time":"2025-10-20T08:00:55+00:00","og_image":[{"width":1920,"height":650,"url":"http:\/\/www.tg-schoemberg.de\/fussball\/wptg\/wp-content\/uploads\/2018\/11\/bg2_tg-1.jpg","type":"image\/jpeg"}],"author":"tg_admin","twitter_card":"summary_large_image","twitter_misc":{"Verfasst von":"tg_admin","Gesch\u00e4tzte Lesezeit":"3\u00a0Minuten"},"schema":{"@context":"https:\/\/schema.org","@graph":[{"@type":"WebPage","@id":"http:\/\/www.tg-schoemberg.de\/fussball\/harte-klatsche-in-umkaempftem-spiel\/","url":"http:\/\/www.tg-schoemberg.de\/fussball\/harte-klatsche-in-umkaempftem-spiel\/","name":"Harte Klatsche in umk\u00e4mpftem Spiel - TG Sch\u00f6mberg Abt. Fussball","isPartOf":{"@id":"http:\/\/www.tg-schoemberg.de\/fussball\/#website"},"datePublished":"2025-10-20T07:59:13+00:00","dateModified":"2025-10-20T08:00:55+00:00","author":{"@id":"http:\/\/www.tg-schoemberg.de\/fussball\/#\/schema\/person\/aaa3247d83b09379b653cbc142bf202b"},"breadcrumb":{"@id":"http:\/\/www.tg-schoemberg.de\/fussball\/harte-klatsche-in-umkaempftem-spiel\/#breadcrumb"},"inLanguage":"de","potentialAction":[{"@type":"ReadAction","target":["http:\/\/www.tg-schoemberg.de\/fussball\/harte-klatsche-in-umkaempftem-spiel\/"]}]},{"@type":"BreadcrumbList","@id":"http:\/\/www.tg-schoemberg.de\/fussball\/harte-klatsche-in-umkaempftem-spiel\/#breadcrumb","itemListElement":[{"@type":"ListItem","position":1,"name":"Startseite","item":"http:\/\/www.tg-schoemberg.de\/fussball\/"},{"@type":"ListItem","position":2,"name":"Harte Klatsche in umk\u00e4mpftem Spiel"}]},{"@type":"WebSite","@id":"http:\/\/www.tg-schoemberg.de\/fussball\/#website","url":"http:\/\/www.tg-schoemberg.de\/fussball\/","name":"TG Sch\u00f6mberg Abt. Fussball","description":"","potentialAction":[{"@type":"SearchAction","target":{"@type":"EntryPoint","urlTemplate":"http:\/\/www.tg-schoemberg.de\/fussball\/?s={search_term_string}"},"query-input":"required name=search_term_string"}],"inLanguage":"de"},{"@type":"Person","@id":"http:\/\/www.tg-schoemberg.de\/fussball\/#\/schema\/person\/aaa3247d83b09379b653cbc142bf202b","name":"tg_admin","url":"http:\/\/www.tg-schoemberg.de\/fussball\/author\/tg_admin\/"}]}},"_links":{"self":[{"href":"http:\/\/www.tg-schoemberg.de\/fussball\/wp-json\/wp\/v2\/posts\/965"}],"collection":[{"href":"http:\/\/www.tg-schoemberg.de\/fussball\/wp-json\/wp\/v2\/posts"}],"about":[{"href":"http:\/\/www.tg-schoemberg.de\/fussball\/wp-json\/wp\/v2\/types\/post"}],"author":[{"embeddable":true,"href":"http:\/\/www.tg-schoemberg.de\/fussball\/wp-json\/wp\/v2\/users\/2"}],"replies":[{"embeddable":true,"href":"http:\/\/www.tg-schoemberg.de\/fussball\/wp-json\/wp\/v2\/comments?post=965"}],"version-history":[{"count":2,"href":"http:\/\/www.tg-schoemberg.de\/fussball\/wp-json\/wp\/v2\/posts\/965\/revisions"}],"predecessor-version":[{"id":967,"href":"http:\/\/www.tg-schoemberg.de\/fussball\/wp-json\/wp\/v2\/posts\/965\/revisions\/967"}],"wp:featuredmedia":[{"embeddable":true,"href":"http:\/\/www.tg-schoemberg.de\/fussball\/wp-json\/wp\/v2\/media\/22"}],"wp:attachment":[{"href":"http:\/\/www.tg-schoemberg.de\/fussball\/wp-json\/wp\/v2\/media?parent=965"}],"wp:term":[{"taxonomy":"category","embeddable":true,"href":"http:\/\/www.tg-schoemberg.de\/fussball\/wp-json\/wp\/v2\/categories?post=965"},{"taxonomy":"post_tag","embeddable":true,"href":"http:\/\/www.tg-schoemberg.de\/fussball\/wp-json\/wp\/v2\/tags?post=965"}],"curies":[{"name":"wp","href":"https:\/\/api.w.org\/{rel}","templated":true}]}}